{"id":1689,"date":"2022-04-13T16:01:34","date_gmt":"2022-04-13T19:01:34","guid":{"rendered":"https:\/\/lucianemonteiro.com\/?p=1689"},"modified":"2022-04-14T12:28:52","modified_gmt":"2022-04-14T15:28:52","slug":"o-aviso","status":"publish","type":"post","link":"https:\/\/lucianemonteiro.com\/index.php\/2022\/04\/13\/o-aviso\/","title":{"rendered":"O aviso"},"content":{"rendered":"\n<div class=\"wp-block-image is-style-rounded\"><figure class=\"aligncenter size-medium\"><img loading=\"lazy\" decoding=\"async\" width=\"261\" height=\"300\" src=\"https:\/\/lucianemonteiro.com\/wp-content\/uploads\/2022\/04\/mental-illness-4364348_1280-261x300.png\" alt=\"\" class=\"wp-image-1690\" srcset=\"https:\/\/lucianemonteiro.com\/wp-content\/uploads\/2022\/04\/mental-illness-4364348_1280-261x300.png 261w, https:\/\/lucianemonteiro.com\/wp-content\/uploads\/2022\/04\/mental-illness-4364348_1280-890x1024.png 890w, https:\/\/lucianemonteiro.com\/wp-content\/uploads\/2022\/04\/mental-illness-4364348_1280-768x883.png 768w, https:\/\/lucianemonteiro.com\/wp-content\/uploads\/2022\/04\/mental-illness-4364348_1280-600x690.png 600w, https:\/\/lucianemonteiro.com\/wp-content\/uploads\/2022\/04\/mental-illness-4364348_1280.png 1113w\" sizes=\"auto, (max-width: 261px) 100vw, 261px\" \/><figcaption>Image by&nbsp;<a href=\"https:\/\/pixabay.com\/users\/mohamed_hassan-5229782\/?utm_source=link-attribution&amp;utm_medium=referral&amp;utm_campaign=image&amp;utm_content=4364348\">mohamed Hassan<\/a>&nbsp;from&nbsp;<a href=\"https:\/\/pixabay.com\/?utm_source=link-attribution&amp;utm_medium=referral&amp;utm_campaign=image&amp;utm_content=4364348\">Pixabay<\/a>&nbsp;<\/figcaption><\/figure><\/div>\n\n\n\n<p><strong>Descobri que n\u00e3o tenho mais sonhos<\/strong><\/p>\n\n\n\n<p><strong>Perderam-se na n\u00e9voa fria das incertezas<\/strong><\/p>\n\n\n\n<p><strong>Na exatid\u00e3o de ser o que eu n\u00e3o deveria ter sido<\/strong><\/p>\n\n\n\n<p><strong>Me perdi na minha falta de rumo<\/strong><\/p>\n\n\n\n<p><strong>Desencontrada de mim, nas sonol\u00eancias da in\u00e9rcia<\/strong><\/p>\n\n\n\n<p><strong>Desci \u00e0s incongru\u00eancias do meu universo<\/strong><\/p>\n\n\n\n<p><strong>E me esqueci de voltar<\/strong><\/p>\n\n\n\n<p><strong>Apaguei ideias que me perseguem, mas n\u00e3o as escuto<\/strong><\/p>\n\n\n\n<p><strong>Perdi meus anseios, n\u00e3o estavam onde os deixei<\/strong><\/p>\n\n\n\n<p><strong>Vasculhei devagar, pois meus bra\u00e7os latejavam<\/strong><\/p>\n\n\n\n<p><strong>Nadei demais, e o sal da vida n\u00e3o tempera&nbsp;<\/strong><\/p>\n\n\n\n<p><strong>as alegrias que n\u00e3o tenho, s\u00f3 me ardem os olhos.<\/strong><\/p>\n\n\n\n<p><strong>Pensei que estivesse no meio do caminho<\/strong><\/p>\n\n\n\n<p><strong>Por\u00e9m estava no fim<\/strong><\/p>\n\n\n\n<p><strong>Eu era a pedra, a estaca, a placa reluzente&nbsp;<\/strong><\/p>\n\n\n\n<p><strong>dando o aviso que n\u00e3o li.<\/strong><\/p>\n","protected":false},"excerpt":{"rendered":"<p>Nadei demais, e o sal da vida n\u00e3o tempera as alegrias que n\u00e3o tenho, s\u00f3 me ardem os olhos.<\/p>\n","protected":false},"author":1,"featured_media":0,"comment_status":"closed","ping_status":"open","sticky":false,"template":"","format":"standard","meta":{"footnotes":""},"categories":[1],"tags":[],"class_list":["post-1689","post","type-post","status-publish","format-standard","hentry","category-artes-literarias"],"yoast_head":"<!-- This site is optimized with the Yoast SEO plugin v26.6 - https:\/\/yoast.com\/wordpress\/plugins\/seo\/ -->\n<title>O aviso - Luciane Monteiro<\/title>\n<meta name=\"robots\" content=\"index, follow, max-snippet:-1, max-image-preview:large, max-video-preview:-1\" \/>\n<link rel=\"canonical\" href=\"https:\/\/lucianemonteiro.com\/index.php\/2022\/04\/13\/o-aviso\/\" \/>\n<meta property=\"og:locale\" content=\"pt_BR\" \/>\n<meta property=\"og:type\" content=\"article\" \/>\n<meta property=\"og:title\" content=\"O aviso - Luciane Monteiro\" \/>\n<meta property=\"og:description\" content=\"Nadei demais, e o sal da vida n\u00e3o tempera as alegrias que n\u00e3o tenho, s\u00f3 me ardem os olhos.\" \/>\n<meta property=\"og:url\" content=\"https:\/\/lucianemonteiro.com\/index.php\/2022\/04\/13\/o-aviso\/\" \/>\n<meta property=\"og:site_name\" content=\"Luciane Monteiro\" \/>\n<meta property=\"article:author\" content=\"https:\/\/www.facebook.com\/lucianemonteiro2020\" \/>\n<meta property=\"article:published_time\" content=\"2022-04-13T19:01:34+00:00\" \/>\n<meta property=\"article:modified_time\" content=\"2022-04-14T15:28:52+00:00\" \/>\n<meta property=\"og:image\" content=\"https:\/\/lucianemonteiro.com\/wp-content\/uploads\/2022\/04\/mental-illness-4364348_1280-261x300.png\" \/>\n<meta name=\"author\" content=\"Luciane Monteiro\" \/>\n<meta name=\"twitter:card\" content=\"summary_large_image\" \/>\n<meta name=\"twitter:label1\" content=\"Escrito por\" \/>\n\t<meta name=\"twitter:data1\" content=\"Luciane Monteiro\" \/>\n\t<meta name=\"twitter:label2\" content=\"Est. tempo de leitura\" \/>\n\t<meta name=\"twitter:data2\" content=\"1 minuto\" \/>\n<script type=\"application\/ld+json\" class=\"yoast-schema-graph\">{\"@context\":\"https:\/\/schema.org\",\"@graph\":[{\"@type\":\"WebPage\",\"@id\":\"https:\/\/lucianemonteiro.com\/index.php\/2022\/04\/13\/o-aviso\/\",\"url\":\"https:\/\/lucianemonteiro.com\/index.php\/2022\/04\/13\/o-aviso\/\",\"name\":\"O aviso - Luciane Monteiro\",\"isPartOf\":{\"@id\":\"https:\/\/lucianemonteiro.com\/#website\"},\"primaryImageOfPage\":{\"@id\":\"https:\/\/lucianemonteiro.com\/index.php\/2022\/04\/13\/o-aviso\/#primaryimage\"},\"image\":{\"@id\":\"https:\/\/lucianemonteiro.com\/index.php\/2022\/04\/13\/o-aviso\/#primaryimage\"},\"thumbnailUrl\":\"https:\/\/lucianemonteiro.com\/wp-content\/uploads\/2022\/04\/mental-illness-4364348_1280-261x300.png\",\"datePublished\":\"2022-04-13T19:01:34+00:00\",\"dateModified\":\"2022-04-14T15:28:52+00:00\",\"author\":{\"@id\":\"https:\/\/lucianemonteiro.com\/#\/schema\/person\/ff8d02a59fdb176e7077987bc37115f3\"},\"breadcrumb\":{\"@id\":\"https:\/\/lucianemonteiro.com\/index.php\/2022\/04\/13\/o-aviso\/#breadcrumb\"},\"inLanguage\":\"pt-BR\",\"potentialAction\":[{\"@type\":\"ReadAction\",\"target\":[\"https:\/\/lucianemonteiro.com\/index.php\/2022\/04\/13\/o-aviso\/\"]}]},{\"@type\":\"ImageObject\",\"inLanguage\":\"pt-BR\",\"@id\":\"https:\/\/lucianemonteiro.com\/index.php\/2022\/04\/13\/o-aviso\/#primaryimage\",\"url\":\"https:\/\/lucianemonteiro.com\/wp-content\/uploads\/2022\/04\/mental-illness-4364348_1280.png\",\"contentUrl\":\"https:\/\/lucianemonteiro.com\/wp-content\/uploads\/2022\/04\/mental-illness-4364348_1280.png\",\"width\":1113,\"height\":1280},{\"@type\":\"BreadcrumbList\",\"@id\":\"https:\/\/lucianemonteiro.com\/index.php\/2022\/04\/13\/o-aviso\/#breadcrumb\",\"itemListElement\":[{\"@type\":\"ListItem\",\"position\":1,\"name\":\"In\u00edcio\",\"item\":\"https:\/\/lucianemonteiro.com\/\"},{\"@type\":\"ListItem\",\"position\":2,\"name\":\"O aviso\"}]},{\"@type\":\"WebSite\",\"@id\":\"https:\/\/lucianemonteiro.com\/#website\",\"url\":\"https:\/\/lucianemonteiro.com\/\",\"name\":\"Luciane Monteiro\",\"description\":\"Escritos\",\"potentialAction\":[{\"@type\":\"SearchAction\",\"target\":{\"@type\":\"EntryPoint\",\"urlTemplate\":\"https:\/\/lucianemonteiro.com\/?s={search_term_string}\"},\"query-input\":{\"@type\":\"PropertyValueSpecification\",\"valueRequired\":true,\"valueName\":\"search_term_string\"}}],\"inLanguage\":\"pt-BR\"},{\"@type\":\"Person\",\"@id\":\"https:\/\/lucianemonteiro.com\/#\/schema\/person\/ff8d02a59fdb176e7077987bc37115f3\",\"name\":\"Luciane Monteiro\",\"image\":{\"@type\":\"ImageObject\",\"inLanguage\":\"pt-BR\",\"@id\":\"https:\/\/lucianemonteiro.com\/#\/schema\/person\/image\/\",\"url\":\"https:\/\/secure.gravatar.com\/avatar\/cbc6b45a4418cb4aacc1abb48bf369826072c8737d44f60ac13c970629d95c88?s=96&d=mm&r=g\",\"contentUrl\":\"https:\/\/secure.gravatar.com\/avatar\/cbc6b45a4418cb4aacc1abb48bf369826072c8737d44f60ac13c970629d95c88?s=96&d=mm&r=g\",\"caption\":\"Luciane Monteiro\"},\"sameAs\":[\"https:\/\/lucianemonteiro.com\",\"https:\/\/www.facebook.com\/lucianemonteiro2020\",\"https:\/\/www.instagram.com\/subjetiva.lmm\/\",\"https:\/\/www.linkedin.com\/in\/luciane-monteiro-746510118\/\"],\"url\":\"https:\/\/lucianemonteiro.com\/index.php\/author\/admlm\/\"}]}<\/script>\n<!-- \/ Yoast SEO plugin. -->","yoast_head_json":{"title":"O aviso - Luciane Monteiro","robots":{"index":"index","follow":"follow","max-snippet":"max-snippet:-1","max-image-preview":"max-image-preview:large","max-video-preview":"max-video-preview:-1"},"canonical":"https:\/\/lucianemonteiro.com\/index.php\/2022\/04\/13\/o-aviso\/","og_locale":"pt_BR","og_type":"article","og_title":"O aviso - Luciane Monteiro","og_description":"Nadei demais, e o sal da vida n\u00e3o tempera as alegrias que n\u00e3o tenho, s\u00f3 me ardem os olhos.","og_url":"https:\/\/lucianemonteiro.com\/index.php\/2022\/04\/13\/o-aviso\/","og_site_name":"Luciane Monteiro","article_author":"https:\/\/www.facebook.com\/lucianemonteiro2020","article_published_time":"2022-04-13T19:01:34+00:00","article_modified_time":"2022-04-14T15:28:52+00:00","og_image":[{"url":"https:\/\/lucianemonteiro.com\/wp-content\/uploads\/2022\/04\/mental-illness-4364348_1280-261x300.png","type":"","width":"","height":""}],"author":"Luciane Monteiro","twitter_card":"summary_large_image","twitter_misc":{"Escrito por":"Luciane Monteiro","Est. tempo de leitura":"1 minuto"},"schema":{"@context":"https:\/\/schema.org","@graph":[{"@type":"WebPage","@id":"https:\/\/lucianemonteiro.com\/index.php\/2022\/04\/13\/o-aviso\/","url":"https:\/\/lucianemonteiro.com\/index.php\/2022\/04\/13\/o-aviso\/","name":"O aviso - Luciane Monteiro","isPartOf":{"@id":"https:\/\/lucianemonteiro.com\/#website"},"primaryImageOfPage":{"@id":"https:\/\/lucianemonteiro.com\/index.php\/2022\/04\/13\/o-aviso\/#primaryimage"},"image":{"@id":"https:\/\/lucianemonteiro.com\/index.php\/2022\/04\/13\/o-aviso\/#primaryimage"},"thumbnailUrl":"https:\/\/lucianemonteiro.com\/wp-content\/uploads\/2022\/04\/mental-illness-4364348_1280-261x300.png","datePublished":"2022-04-13T19:01:34+00:00","dateModified":"2022-04-14T15:28:52+00:00","author":{"@id":"https:\/\/lucianemonteiro.com\/#\/schema\/person\/ff8d02a59fdb176e7077987bc37115f3"},"breadcrumb":{"@id":"https:\/\/lucianemonteiro.com\/index.php\/2022\/04\/13\/o-aviso\/#breadcrumb"},"inLanguage":"pt-BR","potentialAction":[{"@type":"ReadAction","target":["https:\/\/lucianemonteiro.com\/index.php\/2022\/04\/13\/o-aviso\/"]}]},{"@type":"ImageObject","inLanguage":"pt-BR","@id":"https:\/\/lucianemonteiro.com\/index.php\/2022\/04\/13\/o-aviso\/#primaryimage","url":"https:\/\/lucianemonteiro.com\/wp-content\/uploads\/2022\/04\/mental-illness-4364348_1280.png","contentUrl":"https:\/\/lucianemonteiro.com\/wp-content\/uploads\/2022\/04\/mental-illness-4364348_1280.png","width":1113,"height":1280},{"@type":"BreadcrumbList","@id":"https:\/\/lucianemonteiro.com\/index.php\/2022\/04\/13\/o-aviso\/#breadcrumb","itemListElement":[{"@type":"ListItem","position":1,"name":"In\u00edcio","item":"https:\/\/lucianemonteiro.com\/"},{"@type":"ListItem","position":2,"name":"O aviso"}]},{"@type":"WebSite","@id":"https:\/\/lucianemonteiro.com\/#website","url":"https:\/\/lucianemonteiro.com\/","name":"Luciane Monteiro","description":"Escritos","potentialAction":[{"@type":"SearchAction","target":{"@type":"EntryPoint","urlTemplate":"https:\/\/lucianemonteiro.com\/?s={search_term_string}"},"query-input":{"@type":"PropertyValueSpecification","valueRequired":true,"valueName":"search_term_string"}}],"inLanguage":"pt-BR"},{"@type":"Person","@id":"https:\/\/lucianemonteiro.com\/#\/schema\/person\/ff8d02a59fdb176e7077987bc37115f3","name":"Luciane Monteiro","image":{"@type":"ImageObject","inLanguage":"pt-BR","@id":"https:\/\/lucianemonteiro.com\/#\/schema\/person\/image\/","url":"https:\/\/secure.gravatar.com\/avatar\/cbc6b45a4418cb4aacc1abb48bf369826072c8737d44f60ac13c970629d95c88?s=96&d=mm&r=g","contentUrl":"https:\/\/secure.gravatar.com\/avatar\/cbc6b45a4418cb4aacc1abb48bf369826072c8737d44f60ac13c970629d95c88?s=96&d=mm&r=g","caption":"Luciane Monteiro"},"sameAs":["https:\/\/lucianemonteiro.com","https:\/\/www.facebook.com\/lucianemonteiro2020","https:\/\/www.instagram.com\/subjetiva.lmm\/","https:\/\/www.linkedin.com\/in\/luciane-monteiro-746510118\/"],"url":"https:\/\/lucianemonteiro.com\/index.php\/author\/admlm\/"}]}},"acf":[],"_links":{"self":[{"href":"https:\/\/lucianemonteiro.com\/index.php\/wp-json\/wp\/v2\/posts\/1689","targetHints":{"allow":["GET"]}}],"collection":[{"href":"https:\/\/lucianemonteiro.com\/index.php\/wp-json\/wp\/v2\/posts"}],"about":[{"href":"https:\/\/lucianemonteiro.com\/index.php\/wp-json\/wp\/v2\/types\/post"}],"author":[{"embeddable":true,"href":"https:\/\/lucianemonteiro.com\/index.php\/wp-json\/wp\/v2\/users\/1"}],"replies":[{"embeddable":true,"href":"https:\/\/lucianemonteiro.com\/index.php\/wp-json\/wp\/v2\/comments?post=1689"}],"version-history":[{"count":9,"href":"https:\/\/lucianemonteiro.com\/index.php\/wp-json\/wp\/v2\/posts\/1689\/revisions"}],"predecessor-version":[{"id":1719,"href":"https:\/\/lucianemonteiro.com\/index.php\/wp-json\/wp\/v2\/posts\/1689\/revisions\/1719"}],"wp:attachment":[{"href":"https:\/\/lucianemonteiro.com\/index.php\/wp-json\/wp\/v2\/media?parent=1689"}],"wp:term":[{"taxonomy":"category","embeddable":true,"href":"https:\/\/lucianemonteiro.com\/index.php\/wp-json\/wp\/v2\/categories?post=1689"},{"taxonomy":"post_tag","embeddable":true,"href":"https:\/\/lucianemonteiro.com\/index.php\/wp-json\/wp\/v2\/tags?post=1689"}],"curies":[{"name":"wp","href":"https:\/\/api.w.org\/{rel}","templated":true}]}}